{"id":2520,"date":"2023-12-18T11:17:56","date_gmt":"2023-12-18T10:17:56","guid":{"rendered":"https:\/\/www.logistikpark.de\/cms\/?p=2520"},"modified":"2023-12-18T11:48:43","modified_gmt":"2023-12-18T10:48:43","slug":"frohes-fest","status":"publish","type":"post","link":"https:\/\/www.logistikpark.de\/cms\/2023\/12\/frohes-fest\/","title":{"rendered":"Frohes Fest"},"content":{"rendered":"\n<pre class=\"wp-block-preformatted\">Werte Gesch\u00e4ftspartner,\n\nWeihnachten ist die Zeit des Miteinanders und der Wertsch\u00e4tzung. Wir bedanken uns herzlich f\u00fcr die gute Zusammenarbeit und das entgegengebrachte Vertrauen in uns und unsere Arbeit.\n\nWir w\u00fcnschen Ihnen und Ihren Familien eine frohe und besinnliche Weihnachtszeit sowie viel Gl\u00fcck, Gesundheit und Erfolg im neuen Jahr.\n\nMit festlichen Gr\u00fc\u00dfen aus dem Erzgebirge!\n\nIhre Logistikpark Stollberg GmbH\n<\/pre>\n","protected":false},"excerpt":{"rendered":"<p>Werte Gesch\u00e4ftspartner, Weihnachten ist die Zeit des Miteinanders und der Wertsch\u00e4tzung. Wir bedanken uns herzlich f\u00fcr die gute Zusammenarbeit und das entgegengebrachte Vertrauen in uns und unsere Arbeit. Wir w\u00fcnschen Ihnen und Ihren Familien eine frohe und besinnliche Weihnachtszeit sowie viel Gl\u00fcck, Gesundheit und Erfolg im neuen Jahr. Mit festlichen Gr\u00fc\u00dfen aus dem Erzgebirge! Ihre [&#8230;]\n","protected":false},"author":6,"featured_media":2517,"comment_status":"closed","ping_status":"open","sticky":false,"template":"","format":"standard","meta":{"footnotes":""},"categories":[1],"tags":[88,86,87,85],"class_list":["post-2520","post","type-post","status-publish","format-standard","has-post-thumbnail","hentry","category-allgemein","tag-frohes-fest","tag-logistikpark","tag-stollberg","tag-weihnachtsgruesse"],"_links":{"self":[{"href":"https:\/\/www.logistikpark.de\/cms\/wp-json\/wp\/v2\/posts\/2520","targetHints":{"allow":["GET"]}}],"collection":[{"href":"https:\/\/www.logistikpark.de\/cms\/wp-json\/wp\/v2\/posts"}],"about":[{"href":"https:\/\/www.logistikpark.de\/cms\/wp-json\/wp\/v2\/types\/post"}],"author":[{"embeddable":true,"href":"https:\/\/www.logistikpark.de\/cms\/wp-json\/wp\/v2\/users\/6"}],"replies":[{"embeddable":true,"href":"https:\/\/www.logistikpark.de\/cms\/wp-json\/wp\/v2\/comments?post=2520"}],"version-history":[{"count":3,"href":"https:\/\/www.logistikpark.de\/cms\/wp-json\/wp\/v2\/posts\/2520\/revisions"}],"predecessor-version":[{"id":2527,"href":"https:\/\/www.logistikpark.de\/cms\/wp-json\/wp\/v2\/posts\/2520\/revisions\/2527"}],"wp:featuredmedia":[{"embeddable":true,"href":"https:\/\/www.logistikpark.de\/cms\/wp-json\/wp\/v2\/media\/2517"}],"wp:attachment":[{"href":"https:\/\/www.logistikpark.de\/cms\/wp-json\/wp\/v2\/media?parent=2520"}],"wp:term":[{"taxonomy":"category","embeddable":true,"href":"https:\/\/www.logistikpark.de\/cms\/wp-json\/wp\/v2\/categories?post=2520"},{"taxonomy":"post_tag","embeddable":true,"href":"https:\/\/www.logistikpark.de\/cms\/wp-json\/wp\/v2\/tags?post=2520"}],"curies":[{"name":"wp","href":"https:\/\/api.w.org\/{rel}","templated":true}]}}